{"id":479,"date":"2024-08-19T10:56:19","date_gmt":"2024-08-19T14:56:19","guid":{"rendered":"https:\/\/universonuevaera.com\/?p=479"},"modified":"2024-09-14T08:21:24","modified_gmt":"2024-09-14T12:21:24","slug":"un-dia-en-la-cotidianidad-de-adalberto-pessoa","status":"publish","type":"post","link":"https:\/\/universonuevaera.com\/?p=479","title":{"rendered":"Un d\u00eda en la cotidianidad de Adalberto Pessoa"},"content":{"rendered":"\n<p><br><em><strong>Por Astr. Carlos Dum \/ Aruj\u00e1, Brasil \u2013\u00a0<\/strong><\/em> Psic\u00f3logo, astr\u00f3logo, ritualista, tarotista, terapeuta hol\u00edstico y miembro de la FEVA internacional. Nacido en S\u00e3o Caetano do Sul, S\u00e2o Paulo, Brasil es funcionario de la Prefectura Municipal de S\u00e2o Paulo en el \u00e1rea de la salud. En una rutina diaria de lunes a viernes viaja aproximadamente 40 kil\u00f3metros desde su residencia en Aruj\u00e1 hasta el Estado de S\u00e2o Paulo para su lugar de trabajo en el \u201cParque Chico Mendes\u201d un hermoso lugar silvestre que mantiene un programa de salud integral y calidad de vida totalmente gratis a los ciudadanos de la periferia de esa localidad en S\u00e2o Paulo denominada SAMDA (salud en movimiento). Esta localidad ofrece a sus moradores evaluaciones f\u00edsicas, consejos nutricionales, terapia ocupacional y atenci\u00f3n psicol\u00f3gica entre otras cosas. La revista Universo Nueva Era agradece al profesor Adalberto permitirnos este peque\u00f1o reportaje de un d\u00eda en su cotidianidad durante nuestro viaje el pasado mes de julio a Brasil.<br> <br>Fotos: Carlos Jos\u00e9 C\u00e1mara<br><\/p>\n\n\n<div class=\"pgc-sgb-cb wp-block-pgcsimplygalleryblock-masonry \" data-gallery-id=\"a6b39011\"><div class=\"sgb-preloader\" id=\"pr_a6b39011\">\n\t<div class=\"sgb-square\" style=\"background:#d4d4d4\"><\/div>\n\t<div class=\"sgb-square\" style=\"background:#d4d4d4\"><\/div>\n\t<div class=\"sgb-square\" style=\"background:#d4d4d4\"><\/div>\n\t<div class=\"sgb-square\" style=\"background:#d4d4d4\"><\/div><\/div><div class=\"simply-gallery-amp pgc_sgb_slider \"><noscript><div class=\"sgb-gallery\"><div class=\"sgb-item\"><a href=\"https:\/\/universonuevaera.com\/?attachment_id=484\" target=\"_blank\"><img decoding=\"async\" alt=\"01\" width=\"300\" height=\"225\" loading=\"lazy\" src=\"https:\/\/universonuevaera.com\/wp-content\/uploads\/2024\/08\/01-300x225.png\" srcset=\"https:\/\/universonuevaera.com\/wp-content\/uploads\/2024\/08\/01-300x225.png 300w,https:\/\/universonuevaera.com\/wp-content\/uploads\/2024\/08\/01-1024x766.png 1024w,https:\/\/universonuevaera.com\/wp-content\/uploads\/2024\/08\/01.png 1280w\" sizes=\"auto, 250px\"\/><\/a><div class=\"sgb-item-caption\"><em>El profesor Adalberto Pessoa llegando a su lugar de trabajo en el \u00abParque Chico Mendes\u00bb.<\/em><\/div><\/div><div class=\"sgb-item\"><a href=\"https:\/\/universonuevaera.com\/?attachment_id=483\" target=\"_blank\"><img decoding=\"async\" alt=\"02\" width=\"300\" height=\"225\" loading=\"lazy\" src=\"https:\/\/universonuevaera.com\/wp-content\/uploads\/2024\/08\/02-300x225.png\" srcset=\"https:\/\/universonuevaera.com\/wp-content\/uploads\/2024\/08\/02-300x225.png 300w,https:\/\/universonuevaera.com\/wp-content\/uploads\/2024\/08\/02-1024x766.png 1024w,https:\/\/universonuevaera.com\/wp-content\/uploads\/2024\/08\/02.png 1280w\" sizes=\"auto, 250px\"\/><\/a><div class=\"sgb-item-caption\"><em> Casi 40 kms. diarios conduce a su lugar de trabajo por la periferia para evitar los pesados tr\u00e1ficos de S\u00e2o Paulo.<\/em><\/div><\/div><div class=\"sgb-item\"><a href=\"https:\/\/universonuevaera.com\/?attachment_id=482\" target=\"_blank\"><img decoding=\"async\" alt=\"03\" width=\"300\" height=\"225\" loading=\"lazy\" src=\"https:\/\/universonuevaera.com\/wp-content\/uploads\/2024\/08\/03-300x225.png\" srcset=\"https:\/\/universonuevaera.com\/wp-content\/uploads\/2024\/08\/03-300x225.png 300w,https:\/\/universonuevaera.com\/wp-content\/uploads\/2024\/08\/03-1024x766.png 1024w,https:\/\/universonuevaera.com\/wp-content\/uploads\/2024\/08\/03.png 1280w\" sizes=\"auto, 250px\"\/><\/a><div class=\"sgb-item-caption\"><em>Conduciendo por el centro de Aruj\u00e1.<\/em><\/div><\/div><div class=\"sgb-item\"><a href=\"https:\/\/universonuevaera.com\/?attachment_id=485\" target=\"_blank\"><img decoding=\"async\" alt=\"04\" width=\"300\" height=\"225\" loading=\"lazy\" src=\"https:\/\/universonuevaera.com\/wp-content\/uploads\/2024\/08\/04-300x225.png\" srcset=\"https:\/\/universonuevaera.com\/wp-content\/uploads\/2024\/08\/04-300x225.png 300w,https:\/\/universonuevaera.com\/wp-content\/uploads\/2024\/08\/04-1024x766.png 1024w,https:\/\/universonuevaera.com\/wp-content\/uploads\/2024\/08\/04.png 1280w\" sizes=\"auto, 250px\"\/><\/a><div class=\"sgb-item-caption\"><em>Carlos Jos\u00e9 de la revista digital Universo Nueva Era llegando al parque invitado por el profesor Adalberto Pessoa.<\/em><\/div><\/div><div class=\"sgb-item\"><a href=\"https:\/\/universonuevaera.com\/?attachment_id=486\" target=\"_blank\"><img decoding=\"async\" alt=\"05\" width=\"300\" height=\"225\" loading=\"lazy\" src=\"https:\/\/universonuevaera.com\/wp-content\/uploads\/2024\/08\/05-300x225.png\" srcset=\"https:\/\/universonuevaera.com\/wp-content\/uploads\/2024\/08\/05-300x225.png 300w,https:\/\/universonuevaera.com\/wp-content\/uploads\/2024\/08\/05-1024x766.png 1024w,https:\/\/universonuevaera.com\/wp-content\/uploads\/2024\/08\/05.png 1280w\" sizes=\"auto, 250px\"\/><\/a><div class=\"sgb-item-caption\"><em>Carlos Dum, Presidente de la Federaci\u00f3n Venezolana de Astr\u00f3logos (FEVA) en el Parque Chico Mendes lugar de trabajo del profesor Adalberto donde presenciamos un dia sus labores.<\/em><\/div><\/div><div class=\"sgb-item\"><a href=\"https:\/\/universonuevaera.com\/?attachment_id=481\" target=\"_blank\"><img decoding=\"async\" alt=\"06\" width=\"300\" height=\"225\" loading=\"lazy\" src=\"https:\/\/universonuevaera.com\/wp-content\/uploads\/2024\/08\/06-300x225.png\" srcset=\"https:\/\/universonuevaera.com\/wp-content\/uploads\/2024\/08\/06-300x225.png 300w,https:\/\/universonuevaera.com\/wp-content\/uploads\/2024\/08\/06-1024x766.png 1024w,https:\/\/universonuevaera.com\/wp-content\/uploads\/2024\/08\/06.png 1280w\" sizes=\"auto, 250px\"\/><\/a><div class=\"sgb-item-caption\"><em>El Psic\u00f3logo y Astr\u00f3logo Adalberto Pessoa junto al Presidente de FEVA Carlos Dum en la ciudad de Aruj\u00e1, Brasil.\n<\/em><\/div><\/div><div class=\"sgb-item\"><a href=\"https:\/\/universonuevaera.com\/?attachment_id=487\" target=\"_blank\"><img decoding=\"async\" alt=\"07\" width=\"300\" height=\"300\" loading=\"lazy\" src=\"https:\/\/universonuevaera.com\/wp-content\/uploads\/2024\/08\/07-300x300.png\" srcset=\"https:\/\/universonuevaera.com\/wp-content\/uploads\/2024\/08\/07-300x300.png 300w,https:\/\/universonuevaera.com\/wp-content\/uploads\/2024\/08\/07-1024x1024.png 1024w,https:\/\/universonuevaera.com\/wp-content\/uploads\/2024\/08\/07.png 1280w\" sizes=\"auto, 250px\"\/><\/a><div class=\"sgb-item-caption\"><em>Carlos Jos\u00e9 Dum de la Revista Digital Universo Nueva Era presencia las charlas de orientaci\u00f3n en el Parque Chico Mendes, S\u00e0o Paulo, Brasil.<\/em><\/div><\/div><div class=\"sgb-item\"><a href=\"https:\/\/universonuevaera.com\/?attachment_id=490\" target=\"_blank\"><img decoding=\"async\" alt=\"08\" width=\"300\" height=\"300\" loading=\"lazy\" src=\"https:\/\/universonuevaera.com\/wp-content\/uploads\/2024\/08\/08-300x300.png\" srcset=\"https:\/\/universonuevaera.com\/wp-content\/uploads\/2024\/08\/08-300x300.png 300w,https:\/\/universonuevaera.com\/wp-content\/uploads\/2024\/08\/08-1024x1024.png 1024w,https:\/\/universonuevaera.com\/wp-content\/uploads\/2024\/08\/08.png 1280w\" sizes=\"auto, 250px\"\/><\/a><div class=\"sgb-item-caption\"><em>Charlas de orientaci\u00f3n en el Parque Chico Mendes, S\u00e0o Paulo, Brasil.<\/em><\/div><\/div><div class=\"sgb-item\"><a href=\"https:\/\/universonuevaera.com\/?attachment_id=488\" target=\"_blank\"><img decoding=\"async\" alt=\"09\" width=\"300\" height=\"225\" loading=\"lazy\" src=\"https:\/\/universonuevaera.com\/wp-content\/uploads\/2024\/08\/09-300x225.png\" srcset=\"https:\/\/universonuevaera.com\/wp-content\/uploads\/2024\/08\/09-300x225.png 300w,https:\/\/universonuevaera.com\/wp-content\/uploads\/2024\/08\/09-1024x766.png 1024w,https:\/\/universonuevaera.com\/wp-content\/uploads\/2024\/08\/09.png 1280w\" sizes=\"auto, 250px\"\/><\/a><div class=\"sgb-item-caption\"><em>Todo una experiencia las terapias de baile y canto en el Parque Chico Mendes, Brasil.<\/em><\/div><\/div><div class=\"sgb-item\"><a href=\"https:\/\/universonuevaera.com\/?attachment_id=492\" target=\"_blank\"><img decoding=\"async\" alt=\"10\" width=\"300\" height=\"225\" loading=\"lazy\" src=\"https:\/\/universonuevaera.com\/wp-content\/uploads\/2024\/08\/10-300x225.png\" srcset=\"https:\/\/universonuevaera.com\/wp-content\/uploads\/2024\/08\/10-300x225.png 300w,https:\/\/universonuevaera.com\/wp-content\/uploads\/2024\/08\/10-1024x766.png 1024w,https:\/\/universonuevaera.com\/wp-content\/uploads\/2024\/08\/10.png 1280w\" sizes=\"auto, 250px\"\/><\/a><div class=\"sgb-item-caption\"><em>El contacto con la naturaleza como principal ingrediente en las terapias del parque Chico Mendes, Brasil<\/em><\/div><\/div><div class=\"sgb-item\"><a href=\"https:\/\/universonuevaera.com\/?attachment_id=491\" target=\"_blank\"><img decoding=\"async\" alt=\"11\" width=\"225\" height=\"300\" loading=\"lazy\" src=\"https:\/\/universonuevaera.com\/wp-content\/uploads\/2024\/08\/11-225x300.png\" srcset=\"https:\/\/universonuevaera.com\/wp-content\/uploads\/2024\/08\/11-225x300.png 225w,https:\/\/universonuevaera.com\/wp-content\/uploads\/2024\/08\/11-766x1024.png 766w,https:\/\/universonuevaera.com\/wp-content\/uploads\/2024\/08\/11.png 958w\" sizes=\"auto, 250px\"\/><\/a><div class=\"sgb-item-caption\"><em>Terapias ocupacionales totalmente gratis en el programa de salud y calidad de vida del Parque Chico Medes de S\u00e2o Paulo.<\/em><\/div><\/div><div class=\"sgb-item\"><a href=\"https:\/\/universonuevaera.com\/?attachment_id=489\" target=\"_blank\"><img decoding=\"async\" alt=\"12\" width=\"300\" height=\"225\" loading=\"lazy\" src=\"https:\/\/universonuevaera.com\/wp-content\/uploads\/2024\/08\/12-300x225.png\" srcset=\"https:\/\/universonuevaera.com\/wp-content\/uploads\/2024\/08\/12-300x225.png 300w,https:\/\/universonuevaera.com\/wp-content\/uploads\/2024\/08\/12-1024x766.png 1024w,https:\/\/universonuevaera.com\/wp-content\/uploads\/2024\/08\/12.png 1280w\" sizes=\"auto, 250px\"\/><\/a><div class=\"sgb-item-caption\"><em>El profesor Adalberto Pessoa nos ense\u00f1a una muestra de la simbolog\u00eda como instrumento de magia en sus consultas a nivel holistico.<\/em><\/div><\/div><div class=\"sgb-item\"><a href=\"https:\/\/universonuevaera.com\/?attachment_id=493\" target=\"_blank\"><img decoding=\"async\" alt=\"13\" width=\"300\" height=\"169\" loading=\"lazy\" src=\"https:\/\/universonuevaera.com\/wp-content\/uploads\/2024\/08\/13-300x169.png\" srcset=\"https:\/\/universonuevaera.com\/wp-content\/uploads\/2024\/08\/13-300x169.png 300w,https:\/\/universonuevaera.com\/wp-content\/uploads\/2024\/08\/13-1024x576.png 1024w,https:\/\/universonuevaera.com\/wp-content\/uploads\/2024\/08\/13.png 1280w\" sizes=\"auto, 250px\"\/><\/a><div class=\"sgb-item-caption\"><em>Adalberto Pessoa, Carlos Dum, Odair Silva y Carlos Jose en el hogar de nuestros anfitriones.<\/em><\/div><\/div><div class=\"sgb-item\"><a href=\"https:\/\/universonuevaera.com\/?attachment_id=494\" target=\"_blank\"><img decoding=\"async\" alt=\"14\" width=\"225\" height=\"300\" loading=\"lazy\" src=\"https:\/\/universonuevaera.com\/wp-content\/uploads\/2024\/08\/14-225x300.png\" srcset=\"https:\/\/universonuevaera.com\/wp-content\/uploads\/2024\/08\/14-225x300.png 225w,https:\/\/universonuevaera.com\/wp-content\/uploads\/2024\/08\/14-766x1024.png 766w,https:\/\/universonuevaera.com\/wp-content\/uploads\/2024\/08\/14.png 958w\" sizes=\"auto, 250px\"\/><\/a><div class=\"sgb-item-caption\"><em>Adalberto y uno de sus tres gatos.<\/em><\/div><\/div><\/div><\/noscript><\/div><script type=\"application\/json\" class=\"sgb-data\">{\"collectionThumbRecomendedWidth\":150,\"captionHAlign\":\"bottom\",\"collectionthumbHoverTitleFontSize\":14,\"collectionthumbHoverTitleTextColor\":\"rgba(255,255,0,1)\",\"collectionthumbHoverTitleTextBgColor\":\"rgba(0,0,0,0)\",\"galleryType\":\"pgc_sgb_masonry\",\"galleryId\":\"a6b39011\",\"images\":[{\"id\":484,\"title\":\"01\",\"url\":\"https:\/\/universonuevaera.com\/wp-content\/uploads\/2024\/08\/01.png\",\"link\":\"https:\/\/universonuevaera.com\/?attachment_id=484\",\"alt\":\"01\",\"description\":\"\",\"caption\":\"El profesor Adalberto Pessoa llegando a su lugar de trabajo en el \\u0022Parque Chico Mendes\\u0022.\",\"mime\":\"image\/png\",\"type\":\"image\",\"width\":1280,\"height\":958,\"sizes\":{\"thumbnail\":{\"height\":150,\"width\":150,\"url\":\"https:\/\/universonuevaera.com\/wp-content\/uploads\/2024\/08\/01-150x150.png\",\"orientation\":\"landscape\"},\"medium\":{\"height\":225,\"width\":300,\"url\":\"https:\/\/universonuevaera.com\/wp-content\/uploads\/2024\/08\/01-300x225.png\",\"orientation\":\"landscape\"},\"large\":{\"height\":766,\"width\":1024,\"url\":\"https:\/\/universonuevaera.com\/wp-content\/uploads\/2024\/08\/01-1024x766.png\",\"orientation\":\"landscape\"},\"full\":{\"url\":\"https:\/\/universonuevaera.com\/wp-content\/uploads\/2024\/08\/01.png\",\"height\":958,\"width\":1280,\"orientation\":\"landscape\"}},\"imageMeta\":{\"aperture\":\"0\",\"credit\":\"\",\"camera\":\"\",\"caption\":\"\",\"created_timestamp\":\"0\",\"copyright\":\"\",\"focal_length\":\"0\",\"iso\":\"0\",\"shutter_speed\":\"0\",\"title\":\"\",\"orientation\":\"0\",\"keywords\":[]},\"meta\":false,\"postlink\":\"https:\/\/universonuevaera.com\/?attachment_id=484\"},{\"id\":483,\"title\":\"02\",\"url\":\"https:\/\/universonuevaera.com\/wp-content\/uploads\/2024\/08\/02.png\",\"link\":\"https:\/\/universonuevaera.com\/?attachment_id=483\",\"alt\":\"02\",\"description\":\"\",\"caption\":\" Casi 40 kms. diarios conduce a su lugar de trabajo por la periferia para evitar los pesados tr\u00e1ficos de S\u00e2o Paulo.\",\"mime\":\"image\/png\",\"type\":\"image\",\"width\":1280,\"height\":958,\"sizes\":{\"thumbnail\":{\"height\":150,\"width\":150,\"url\":\"https:\/\/universonuevaera.com\/wp-content\/uploads\/2024\/08\/02-150x150.png\",\"orientation\":\"landscape\"},\"medium\":{\"height\":225,\"width\":300,\"url\":\"https:\/\/universonuevaera.com\/wp-content\/uploads\/2024\/08\/02-300x225.png\",\"orientation\":\"landscape\"},\"large\":{\"height\":766,\"width\":1024,\"url\":\"https:\/\/universonuevaera.com\/wp-content\/uploads\/2024\/08\/02-1024x766.png\",\"orientation\":\"landscape\"},\"full\":{\"url\":\"https:\/\/universonuevaera.com\/wp-content\/uploads\/2024\/08\/02.png\",\"height\":958,\"width\":1280,\"orientation\":\"landscape\"}},\"imageMeta\":{\"aperture\":\"0\",\"credit\":\"\",\"camera\":\"\",\"caption\":\"\",\"created_timestamp\":\"0\",\"copyright\":\"\",\"focal_length\":\"0\",\"iso\":\"0\",\"shutter_speed\":\"0\",\"title\":\"\",\"orientation\":\"0\",\"keywords\":[]},\"meta\":false,\"postlink\":\"https:\/\/universonuevaera.com\/?attachment_id=483\"},{\"id\":482,\"title\":\"03\",\"url\":\"https:\/\/universonuevaera.com\/wp-content\/uploads\/2024\/08\/03.png\",\"link\":\"https:\/\/universonuevaera.com\/?attachment_id=482\",\"alt\":\"03\",\"description\":\"\",\"caption\":\"Conduciendo por el centro de Aruj\u00e1.\",\"mime\":\"image\/png\",\"type\":\"image\",\"width\":1280,\"height\":958,\"sizes\":{\"thumbnail\":{\"height\":150,\"width\":150,\"url\":\"https:\/\/universonuevaera.com\/wp-content\/uploads\/2024\/08\/03-150x150.png\",\"orientation\":\"landscape\"},\"medium\":{\"height\":225,\"width\":300,\"url\":\"https:\/\/universonuevaera.com\/wp-content\/uploads\/2024\/08\/03-300x225.png\",\"orientation\":\"landscape\"},\"large\":{\"height\":766,\"width\":1024,\"url\":\"https:\/\/universonuevaera.com\/wp-content\/uploads\/2024\/08\/03-1024x766.png\",\"orientation\":\"landscape\"},\"full\":{\"url\":\"https:\/\/universonuevaera.com\/wp-content\/uploads\/2024\/08\/03.png\",\"height\":958,\"width\":1280,\"orientation\":\"landscape\"}},\"imageMeta\":{\"aperture\":\"0\",\"credit\":\"\",\"camera\":\"\",\"caption\":\"\",\"created_timestamp\":\"0\",\"copyright\":\"\",\"focal_length\":\"0\",\"iso\":\"0\",\"shutter_speed\":\"0\",\"title\":\"\",\"orientation\":\"0\",\"keywords\":[]},\"meta\":false,\"postlink\":\"https:\/\/universonuevaera.com\/?attachment_id=482\"},{\"id\":485,\"title\":\"04\",\"url\":\"https:\/\/universonuevaera.com\/wp-content\/uploads\/2024\/08\/04.png\",\"link\":\"https:\/\/universonuevaera.com\/?attachment_id=485\",\"alt\":\"04\",\"description\":\"\",\"caption\":\"Carlos Jos\u00e9 de la revista digital Universo Nueva Era llegando al parque invitado por el profesor Adalberto Pessoa.\",\"mime\":\"image\/png\",\"type\":\"image\",\"width\":1280,\"height\":958,\"sizes\":{\"thumbnail\":{\"height\":150,\"width\":150,\"url\":\"https:\/\/universonuevaera.com\/wp-content\/uploads\/2024\/08\/04-150x150.png\",\"orientation\":\"landscape\"},\"medium\":{\"height\":225,\"width\":300,\"url\":\"https:\/\/universonuevaera.com\/wp-content\/uploads\/2024\/08\/04-300x225.png\",\"orientation\":\"landscape\"},\"large\":{\"height\":766,\"width\":1024,\"url\":\"https:\/\/universonuevaera.com\/wp-content\/uploads\/2024\/08\/04-1024x766.png\",\"orientation\":\"landscape\"},\"full\":{\"url\":\"https:\/\/universonuevaera.com\/wp-content\/uploads\/2024\/08\/04.png\",\"height\":958,\"width\":1280,\"orientation\":\"landscape\"}},\"imageMeta\":{\"aperture\":\"0\",\"credit\":\"\",\"camera\":\"\",\"caption\":\"\",\"created_timestamp\":\"0\",\"copyright\":\"\",\"focal_length\":\"0\",\"iso\":\"0\",\"shutter_speed\":\"0\",\"title\":\"\",\"orientation\":\"0\",\"keywords\":[]},\"meta\":false,\"postlink\":\"https:\/\/universonuevaera.com\/?attachment_id=485\"},{\"id\":486,\"title\":\"05\",\"url\":\"https:\/\/universonuevaera.com\/wp-content\/uploads\/2024\/08\/05.png\",\"link\":\"https:\/\/universonuevaera.com\/?attachment_id=486\",\"alt\":\"05\",\"description\":\"\",\"caption\":\"Carlos Dum, Presidente de la Federaci\u00f3n Venezolana de Astr\u00f3logos (FEVA) en el Parque Chico Mendes lugar de trabajo del profesor Adalberto donde presenciamos un dia sus labores.\",\"mime\":\"image\/png\",\"type\":\"image\",\"width\":1280,\"height\":958,\"sizes\":{\"thumbnail\":{\"height\":150,\"width\":150,\"url\":\"https:\/\/universonuevaera.com\/wp-content\/uploads\/2024\/08\/05-150x150.png\",\"orientation\":\"landscape\"},\"medium\":{\"height\":225,\"width\":300,\"url\":\"https:\/\/universonuevaera.com\/wp-content\/uploads\/2024\/08\/05-300x225.png\",\"orientation\":\"landscape\"},\"large\":{\"height\":766,\"width\":1024,\"url\":\"https:\/\/universonuevaera.com\/wp-content\/uploads\/2024\/08\/05-1024x766.png\",\"orientation\":\"landscape\"},\"full\":{\"url\":\"https:\/\/universonuevaera.com\/wp-content\/uploads\/2024\/08\/05.png\",\"height\":958,\"width\":1280,\"orientation\":\"landscape\"}},\"imageMeta\":{\"aperture\":\"0\",\"credit\":\"\",\"camera\":\"\",\"caption\":\"\",\"created_timestamp\":\"0\",\"copyright\":\"\",\"focal_length\":\"0\",\"iso\":\"0\",\"shutter_speed\":\"0\",\"title\":\"\",\"orientation\":\"0\",\"keywords\":[]},\"meta\":false,\"postlink\":\"https:\/\/universonuevaera.com\/?attachment_id=486\"},{\"id\":481,\"title\":\"06\",\"url\":\"https:\/\/universonuevaera.com\/wp-content\/uploads\/2024\/08\/06.png\",\"link\":\"https:\/\/universonuevaera.com\/?attachment_id=481\",\"alt\":\"06\",\"description\":\"\",\"caption\":\"El Psic\u00f3logo y Astr\u00f3logo Adalberto Pessoa junto al Presidente de FEVA Carlos Dum en la ciudad de Aruj\u00e1, Brasil.\\n\",\"mime\":\"image\/png\",\"type\":\"image\",\"width\":1280,\"height\":958,\"sizes\":{\"thumbnail\":{\"height\":150,\"width\":150,\"url\":\"https:\/\/universonuevaera.com\/wp-content\/uploads\/2024\/08\/06-150x150.png\",\"orientation\":\"landscape\"},\"medium\":{\"height\":225,\"width\":300,\"url\":\"https:\/\/universonuevaera.com\/wp-content\/uploads\/2024\/08\/06-300x225.png\",\"orientation\":\"landscape\"},\"large\":{\"height\":766,\"width\":1024,\"url\":\"https:\/\/universonuevaera.com\/wp-content\/uploads\/2024\/08\/06-1024x766.png\",\"orientation\":\"landscape\"},\"full\":{\"url\":\"https:\/\/universonuevaera.com\/wp-content\/uploads\/2024\/08\/06.png\",\"height\":958,\"width\":1280,\"orientation\":\"landscape\"}},\"imageMeta\":{\"aperture\":\"0\",\"credit\":\"\",\"camera\":\"\",\"caption\":\"\",\"created_timestamp\":\"0\",\"copyright\":\"\",\"focal_length\":\"0\",\"iso\":\"0\",\"shutter_speed\":\"0\",\"title\":\"\",\"orientation\":\"0\",\"keywords\":[]},\"meta\":false,\"postlink\":\"https:\/\/universonuevaera.com\/?attachment_id=481\"},{\"id\":487,\"title\":\"07\",\"url\":\"https:\/\/universonuevaera.com\/wp-content\/uploads\/2024\/08\/07.png\",\"link\":\"https:\/\/universonuevaera.com\/?attachment_id=487\",\"alt\":\"07\",\"description\":\"\",\"caption\":\"Carlos Jos\u00e9 Dum de la Revista Digital Universo Nueva Era presencia las charlas de orientaci\u00f3n en el Parque Chico Mendes, S\u00e0o Paulo, Brasil.\",\"mime\":\"image\/png\",\"type\":\"image\",\"width\":1280,\"height\":1280,\"sizes\":{\"thumbnail\":{\"height\":150,\"width\":150,\"url\":\"https:\/\/universonuevaera.com\/wp-content\/uploads\/2024\/08\/07-150x150.png\",\"orientation\":\"landscape\"},\"medium\":{\"height\":300,\"width\":300,\"url\":\"https:\/\/universonuevaera.com\/wp-content\/uploads\/2024\/08\/07-300x300.png\",\"orientation\":\"landscape\"},\"large\":{\"height\":1024,\"width\":1024,\"url\":\"https:\/\/universonuevaera.com\/wp-content\/uploads\/2024\/08\/07-1024x1024.png\",\"orientation\":\"landscape\"},\"full\":{\"url\":\"https:\/\/universonuevaera.com\/wp-content\/uploads\/2024\/08\/07.png\",\"height\":1280,\"width\":1280,\"orientation\":\"landscape\"}},\"imageMeta\":{\"aperture\":\"0\",\"credit\":\"\",\"camera\":\"\",\"caption\":\"\",\"created_timestamp\":\"0\",\"copyright\":\"\",\"focal_length\":\"0\",\"iso\":\"0\",\"shutter_speed\":\"0\",\"title\":\"\",\"orientation\":\"0\",\"keywords\":[]},\"meta\":false,\"postlink\":\"https:\/\/universonuevaera.com\/?attachment_id=487\"},{\"id\":490,\"title\":\"08\",\"url\":\"https:\/\/universonuevaera.com\/wp-content\/uploads\/2024\/08\/08.png\",\"link\":\"https:\/\/universonuevaera.com\/?attachment_id=490\",\"alt\":\"08\",\"description\":\"\",\"caption\":\"Charlas de orientaci\u00f3n en el Parque Chico Mendes, S\u00e0o Paulo, Brasil.\",\"mime\":\"image\/png\",\"type\":\"image\",\"width\":1280,\"height\":1280,\"sizes\":{\"thumbnail\":{\"height\":150,\"width\":150,\"url\":\"https:\/\/universonuevaera.com\/wp-content\/uploads\/2024\/08\/08-150x150.png\",\"orientation\":\"landscape\"},\"medium\":{\"height\":300,\"width\":300,\"url\":\"https:\/\/universonuevaera.com\/wp-content\/uploads\/2024\/08\/08-300x300.png\",\"orientation\":\"landscape\"},\"large\":{\"height\":1024,\"width\":1024,\"url\":\"https:\/\/universonuevaera.com\/wp-content\/uploads\/2024\/08\/08-1024x1024.png\",\"orientation\":\"landscape\"},\"full\":{\"url\":\"https:\/\/universonuevaera.com\/wp-content\/uploads\/2024\/08\/08.png\",\"height\":1280,\"width\":1280,\"orientation\":\"landscape\"}},\"imageMeta\":{\"aperture\":\"0\",\"credit\":\"\",\"camera\":\"\",\"caption\":\"\",\"created_timestamp\":\"0\",\"copyright\":\"\",\"focal_length\":\"0\",\"iso\":\"0\",\"shutter_speed\":\"0\",\"title\":\"\",\"orientation\":\"0\",\"keywords\":[]},\"meta\":false,\"postlink\":\"https:\/\/universonuevaera.com\/?attachment_id=490\"},{\"id\":488,\"title\":\"09\",\"url\":\"https:\/\/universonuevaera.com\/wp-content\/uploads\/2024\/08\/09.png\",\"link\":\"https:\/\/universonuevaera.com\/?attachment_id=488\",\"alt\":\"09\",\"description\":\"\",\"caption\":\"Todo una experiencia las terapias de baile y canto en el Parque Chico Mendes, Brasil.\",\"mime\":\"image\/png\",\"type\":\"image\",\"width\":1280,\"height\":958,\"sizes\":{\"thumbnail\":{\"height\":150,\"width\":150,\"url\":\"https:\/\/universonuevaera.com\/wp-content\/uploads\/2024\/08\/09-150x150.png\",\"orientation\":\"landscape\"},\"medium\":{\"height\":225,\"width\":300,\"url\":\"https:\/\/universonuevaera.com\/wp-content\/uploads\/2024\/08\/09-300x225.png\",\"orientation\":\"landscape\"},\"large\":{\"height\":766,\"width\":1024,\"url\":\"https:\/\/universonuevaera.com\/wp-content\/uploads\/2024\/08\/09-1024x766.png\",\"orientation\":\"landscape\"},\"full\":{\"url\":\"https:\/\/universonuevaera.com\/wp-content\/uploads\/2024\/08\/09.png\",\"height\":958,\"width\":1280,\"orientation\":\"landscape\"}},\"imageMeta\":{\"aperture\":\"0\",\"credit\":\"\",\"camera\":\"\",\"caption\":\"\",\"created_timestamp\":\"0\",\"copyright\":\"\",\"focal_length\":\"0\",\"iso\":\"0\",\"shutter_speed\":\"0\",\"title\":\"\",\"orientation\":\"0\",\"keywords\":[]},\"meta\":false,\"postlink\":\"https:\/\/universonuevaera.com\/?attachment_id=488\"},{\"id\":492,\"title\":\"10\",\"url\":\"https:\/\/universonuevaera.com\/wp-content\/uploads\/2024\/08\/10.png\",\"link\":\"https:\/\/universonuevaera.com\/?attachment_id=492\",\"alt\":\"10\",\"description\":\"\",\"caption\":\"El contacto con la naturaleza como principal ingrediente en las terapias del parque Chico Mendes, Brasil\",\"mime\":\"image\/png\",\"type\":\"image\",\"width\":1280,\"height\":958,\"sizes\":{\"thumbnail\":{\"height\":150,\"width\":150,\"url\":\"https:\/\/universonuevaera.com\/wp-content\/uploads\/2024\/08\/10-150x150.png\",\"orientation\":\"landscape\"},\"medium\":{\"height\":225,\"width\":300,\"url\":\"https:\/\/universonuevaera.com\/wp-content\/uploads\/2024\/08\/10-300x225.png\",\"orientation\":\"landscape\"},\"large\":{\"height\":766,\"width\":1024,\"url\":\"https:\/\/universonuevaera.com\/wp-content\/uploads\/2024\/08\/10-1024x766.png\",\"orientation\":\"landscape\"},\"full\":{\"url\":\"https:\/\/universonuevaera.com\/wp-content\/uploads\/2024\/08\/10.png\",\"height\":958,\"width\":1280,\"orientation\":\"landscape\"}},\"imageMeta\":{\"aperture\":\"0\",\"credit\":\"\",\"camera\":\"\",\"caption\":\"\",\"created_timestamp\":\"0\",\"copyright\":\"\",\"focal_length\":\"0\",\"iso\":\"0\",\"shutter_speed\":\"0\",\"title\":\"\",\"orientation\":\"0\",\"keywords\":[]},\"meta\":false,\"postlink\":\"https:\/\/universonuevaera.com\/?attachment_id=492\"},{\"id\":491,\"title\":\"11\",\"url\":\"https:\/\/universonuevaera.com\/wp-content\/uploads\/2024\/08\/11.png\",\"link\":\"https:\/\/universonuevaera.com\/?attachment_id=491\",\"alt\":\"11\",\"description\":\"\",\"caption\":\"Terapias ocupacionales totalmente gratis en el programa de salud y calidad de vida del Parque Chico Medes de S\u00e2o Paulo.\",\"mime\":\"image\/png\",\"type\":\"image\",\"width\":958,\"height\":1280,\"sizes\":{\"thumbnail\":{\"height\":150,\"width\":150,\"url\":\"https:\/\/universonuevaera.com\/wp-content\/uploads\/2024\/08\/11-150x150.png\",\"orientation\":\"landscape\"},\"medium\":{\"height\":300,\"width\":225,\"url\":\"https:\/\/universonuevaera.com\/wp-content\/uploads\/2024\/08\/11-225x300.png\",\"orientation\":\"portrait\"},\"large\":{\"height\":1024,\"width\":766,\"url\":\"https:\/\/universonuevaera.com\/wp-content\/uploads\/2024\/08\/11-766x1024.png\",\"orientation\":\"portrait\"},\"full\":{\"url\":\"https:\/\/universonuevaera.com\/wp-content\/uploads\/2024\/08\/11.png\",\"height\":1280,\"width\":958,\"orientation\":\"portrait\"}},\"imageMeta\":{\"aperture\":\"0\",\"credit\":\"\",\"camera\":\"\",\"caption\":\"\",\"created_timestamp\":\"0\",\"copyright\":\"\",\"focal_length\":\"0\",\"iso\":\"0\",\"shutter_speed\":\"0\",\"title\":\"\",\"orientation\":\"0\",\"keywords\":[]},\"meta\":false,\"postlink\":\"https:\/\/universonuevaera.com\/?attachment_id=491\"},{\"id\":489,\"title\":\"12\",\"url\":\"https:\/\/universonuevaera.com\/wp-content\/uploads\/2024\/08\/12.png\",\"link\":\"https:\/\/universonuevaera.com\/?attachment_id=489\",\"alt\":\"12\",\"description\":\"\",\"caption\":\"El profesor Adalberto Pessoa nos ense\u00f1a una muestra de la simbolog\u00eda como instrumento de magia en sus consultas a nivel holistico.\",\"mime\":\"image\/png\",\"type\":\"image\",\"width\":1280,\"height\":958,\"sizes\":{\"thumbnail\":{\"height\":150,\"width\":150,\"url\":\"https:\/\/universonuevaera.com\/wp-content\/uploads\/2024\/08\/12-150x150.png\",\"orientation\":\"landscape\"},\"medium\":{\"height\":225,\"width\":300,\"url\":\"https:\/\/universonuevaera.com\/wp-content\/uploads\/2024\/08\/12-300x225.png\",\"orientation\":\"landscape\"},\"large\":{\"height\":766,\"width\":1024,\"url\":\"https:\/\/universonuevaera.com\/wp-content\/uploads\/2024\/08\/12-1024x766.png\",\"orientation\":\"landscape\"},\"full\":{\"url\":\"https:\/\/universonuevaera.com\/wp-content\/uploads\/2024\/08\/12.png\",\"height\":958,\"width\":1280,\"orientation\":\"landscape\"}},\"imageMeta\":{\"aperture\":\"0\",\"credit\":\"\",\"camera\":\"\",\"caption\":\"\",\"created_timestamp\":\"0\",\"copyright\":\"\",\"focal_length\":\"0\",\"iso\":\"0\",\"shutter_speed\":\"0\",\"title\":\"\",\"orientation\":\"0\",\"keywords\":[]},\"meta\":false,\"postlink\":\"https:\/\/universonuevaera.com\/?attachment_id=489\"},{\"id\":493,\"title\":\"13\",\"url\":\"https:\/\/universonuevaera.com\/wp-content\/uploads\/2024\/08\/13.png\",\"link\":\"https:\/\/universonuevaera.com\/?attachment_id=493\",\"alt\":\"13\",\"description\":\"\",\"caption\":\"Adalberto Pessoa, Carlos Dum, Odair Silva y Carlos Jose en el hogar de nuestros anfitriones.\",\"mime\":\"image\/png\",\"type\":\"image\",\"width\":1280,\"height\":720,\"sizes\":{\"thumbnail\":{\"height\":150,\"width\":150,\"url\":\"https:\/\/universonuevaera.com\/wp-content\/uploads\/2024\/08\/13-150x150.png\",\"orientation\":\"landscape\"},\"medium\":{\"height\":169,\"width\":300,\"url\":\"https:\/\/universonuevaera.com\/wp-content\/uploads\/2024\/08\/13-300x169.png\",\"orientation\":\"landscape\"},\"large\":{\"height\":576,\"width\":1024,\"url\":\"https:\/\/universonuevaera.com\/wp-content\/uploads\/2024\/08\/13-1024x576.png\",\"orientation\":\"landscape\"},\"full\":{\"url\":\"https:\/\/universonuevaera.com\/wp-content\/uploads\/2024\/08\/13.png\",\"height\":720,\"width\":1280,\"orientation\":\"landscape\"}},\"imageMeta\":{\"aperture\":\"0\",\"credit\":\"\",\"camera\":\"\",\"caption\":\"\",\"created_timestamp\":\"0\",\"copyright\":\"\",\"focal_length\":\"0\",\"iso\":\"0\",\"shutter_speed\":\"0\",\"title\":\"\",\"orientation\":\"0\",\"keywords\":[]},\"meta\":false,\"postlink\":\"https:\/\/universonuevaera.com\/?attachment_id=493\"},{\"id\":494,\"title\":\"14\",\"url\":\"https:\/\/universonuevaera.com\/wp-content\/uploads\/2024\/08\/14.png\",\"link\":\"https:\/\/universonuevaera.com\/?attachment_id=494\",\"alt\":\"14\",\"description\":\"\",\"caption\":\"Adalberto y uno de sus tres gatos.\",\"mime\":\"image\/png\",\"type\":\"image\",\"width\":958,\"height\":1280,\"sizes\":{\"thumbnail\":{\"height\":150,\"width\":150,\"url\":\"https:\/\/universonuevaera.com\/wp-content\/uploads\/2024\/08\/14-150x150.png\",\"orientation\":\"landscape\"},\"medium\":{\"height\":300,\"width\":225,\"url\":\"https:\/\/universonuevaera.com\/wp-content\/uploads\/2024\/08\/14-225x300.png\",\"orientation\":\"portrait\"},\"large\":{\"height\":1024,\"width\":766,\"url\":\"https:\/\/universonuevaera.com\/wp-content\/uploads\/2024\/08\/14-766x1024.png\",\"orientation\":\"portrait\"},\"full\":{\"url\":\"https:\/\/universonuevaera.com\/wp-content\/uploads\/2024\/08\/14.png\",\"height\":1280,\"width\":958,\"orientation\":\"portrait\"}},\"imageMeta\":{\"aperture\":\"0\",\"credit\":\"\",\"camera\":\"\",\"caption\":\"\",\"created_timestamp\":\"0\",\"copyright\":\"\",\"focal_length\":\"0\",\"iso\":\"0\",\"shutter_speed\":\"0\",\"title\":\"\",\"orientation\":\"0\",\"keywords\":[]},\"meta\":false,\"postlink\":\"https:\/\/universonuevaera.com\/?attachment_id=494\"}],\"itemsMetaDataCollection\":[]}<\/script><script>(function(){if(window.PGC_SGB && window.PGC_SGB.searcher){window.PGC_SGB.searcher.initBlocks()}})()<\/script><\/div>\n\n\n<p class=\"has-text-align-right\">Revista Digital&nbsp;<strong>UNIVERSO&nbsp;<em>Nueva Era<\/em><\/strong><\/p>\n","protected":false},"excerpt":{"rendered":"<p>Por Astr. Carlos Dum \/ Aruj\u00e1, Brasil \u2013\u00a0 Psic\u00f3logo, astr\u00f3logo, ritualista, tarotista, terapeuta hol\u00edstico y miembro de la FEVA internacional. Nacido en S\u00e3o Caetano do Sul, S\u00e2o Paulo, Brasil es funcionario de la Prefectura Municipal de S\u00e2o Paulo en el \u00e1rea de la salud. En una rutina diaria de lunes a viernes viaja aproximadamente 40 [&hellip;]<\/p>\n","protected":false},"author":2,"featured_media":480,"comment_status":"open","ping_status":"closed","sticky":false,"template":"","format":"standard","meta":{"pgc_sgb_lightbox_settings":"","slim_seo":{"title":"Un d\u00eda en la cotidianidad de Adalberto Pessoa","description":"Por Astr. Carlos Dum \/ Aruj\u00e1, Brasil \u2013\u00a0 Psic\u00f3logo, astr\u00f3logo, ritualista, tarotista, terapeuta hol\u00edstico y miembro de la FEVA internacional. Nacido en S\u00e3o Caeta"},"footnotes":""},"categories":[13],"tags":[8,3],"class_list":["post-479","post","type-post","status-publish","format-standard","has-post-thumbnail","hentry","category-reportajes","tag-astrologia","tag-carlos-dum"],"_links":{"self":[{"href":"https:\/\/universonuevaera.com\/index.php?rest_route=\/wp\/v2\/posts\/479","targetHints":{"allow":["GET"]}}],"collection":[{"href":"https:\/\/universonuevaera.com\/index.php?rest_route=\/wp\/v2\/posts"}],"about":[{"href":"https:\/\/universonuevaera.com\/index.php?rest_route=\/wp\/v2\/types\/post"}],"author":[{"embeddable":true,"href":"https:\/\/universonuevaera.com\/index.php?rest_route=\/wp\/v2\/users\/2"}],"replies":[{"embeddable":true,"href":"https:\/\/universonuevaera.com\/index.php?rest_route=%2Fwp%2Fv2%2Fcomments&post=479"}],"version-history":[{"count":2,"href":"https:\/\/universonuevaera.com\/index.php?rest_route=\/wp\/v2\/posts\/479\/revisions"}],"predecessor-version":[{"id":496,"href":"https:\/\/universonuevaera.com\/index.php?rest_route=\/wp\/v2\/posts\/479\/revisions\/496"}],"wp:featuredmedia":[{"embeddable":true,"href":"https:\/\/universonuevaera.com\/index.php?rest_route=\/wp\/v2\/media\/480"}],"wp:attachment":[{"href":"https:\/\/universonuevaera.com\/index.php?rest_route=%2Fwp%2Fv2%2Fmedia&parent=479"}],"wp:term":[{"taxonomy":"category","embeddable":true,"href":"https:\/\/universonuevaera.com\/index.php?rest_route=%2Fwp%2Fv2%2Fcategories&post=479"},{"taxonomy":"post_tag","embeddable":true,"href":"https:\/\/universonuevaera.com\/index.php?rest_route=%2Fwp%2Fv2%2Ftags&post=479"}],"curies":[{"name":"wp","href":"https:\/\/api.w.org\/{rel}","templated":true}]}}